{"id":10645,"date":"2026-03-16T13:55:59","date_gmt":"2026-03-16T12:55:59","guid":{"rendered":"https:\/\/vh-crossmedia.de\/?p=10645"},"modified":"2026-03-16T13:55:59","modified_gmt":"2026-03-16T12:55:59","slug":"relaunch-des-gemeindebriefs-der-evangelischen-kirchengemeinde-frechen","status":"publish","type":"post","link":"https:\/\/vh-crossmedia.de\/en\/relaunch-des-gemeindebriefs-der-evangelischen-kirchengemeinde-frechen\/","title":{"rendered":"Relaunch des Gemeindebriefs der Evangelischen Kirchengemeinde Frechen"},"content":{"rendered":"<div class=\"fusion-fullwidth fullwidth-box fusion-builder-row-1 nonhundred-percent-fullwidth non-hundred-percent-height-scrolling\" style=\"--awb-border-radius-top-left:0px;--awb-border-radius-top-right:0px;--awb-border-radius-bottom-right:0px;--awb-border-radius-bottom-left:0px;--awb-background-color:rgba(0,0,0,0);--awb-flex-wrap:wrap;\" ><div class=\"fusion-builder-row fusion-row\"><div class=\"fusion-layout-column fusion_builder_column fusion-builder-column-0 fusion_builder_column_1_1 1_1 fusion-one-full fusion-column-first fusion-column-last\" style=\"--awb-bg-size:cover;\"><div class=\"fusion-column-wrapper fusion-flex-column-wrapper-legacy\"><div class=\"fusion-text fusion-text-1\"><h3>Gemeindebriefe sind f\u00fcr viele Kirchengemeinden ein wichtiges Kommunikationsmittel. Sie informieren \u00fcber Veranstaltungen, Gottesdienste, Gruppenangebote und das Gemeindeleben \u2013 oft f\u00fcr mehrere Generationen von Leserinnen und Lesern. Damit diese Informationen gut ankommen, spielt eine klare Gestaltung eine entscheidende Rolle.<\/h3>\n<p>F\u00fcr die <strong>Evangelische Kirchengemeinde Frechen<\/strong> durfte ich den bestehenden Gemeindebrief gestalterisch neu aufstellen und gemeinsam mit den Verantwortlichen ein modernes Layoutsystem entwickeln.<\/p>\n<p><a href=\"https:\/\/vh-crossmedia.de\/wp-content\/uploads\/2026\/03\/Gemeindebrief_A5_26-03_Ansicht-3D.jpg\"><img decoding=\"async\" class=\"lazyload alignnone size-full wp-image-10646\" src=\"https:\/\/vh-crossmedia.de\/wp-content\/uploads\/2026\/03\/Gemeindebrief_A5_26-03_Ansicht-3D.jpg\" data-orig-src=\"https:\/\/vh-crossmedia.de\/wp-content\/uploads\/2026\/03\/Gemeindebrief_A5_26-03_Ansicht-3D.jpg\" alt=\"Relaunch des Gemeindebriefs der Evangelischen Kirchengemeinde Frechen\" width=\"2250\" height=\"1500\" srcset=\"data:image\/svg+xml,%3Csvg%20xmlns%3D%27http%3A%2F%2Fwww.w3.org%2F2000%2Fsvg%27%20width%3D%272250%27%20height%3D%271500%27%20viewBox%3D%270%200%202250%201500%27%3E%3Crect%20width%3D%272250%27%20height%3D%271500%27%20fill-opacity%3D%220%22%2F%3E%3C%2Fsvg%3E\" data-srcset=\"https:\/\/vh-crossmedia.de\/wp-content\/uploads\/2026\/03\/Gemeindebrief_A5_26-03_Ansicht-3D-18x12.jpg 18w, https:\/\/vh-crossmedia.de\/wp-content\/uploads\/2026\/03\/Gemeindebrief_A5_26-03_Ansicht-3D-300x200.jpg 300w, https:\/\/vh-crossmedia.de\/wp-content\/uploads\/2026\/03\/Gemeindebrief_A5_26-03_Ansicht-3D-380x253.jpg 380w, https:\/\/vh-crossmedia.de\/wp-content\/uploads\/2026\/03\/Gemeindebrief_A5_26-03_Ansicht-3D-400x267.jpg 400w, https:\/\/vh-crossmedia.de\/wp-content\/uploads\/2026\/03\/Gemeindebrief_A5_26-03_Ansicht-3D-600x400.jpg 600w, https:\/\/vh-crossmedia.de\/wp-content\/uploads\/2026\/03\/Gemeindebrief_A5_26-03_Ansicht-3D-768x512.jpg 768w, https:\/\/vh-crossmedia.de\/wp-content\/uploads\/2026\/03\/Gemeindebrief_A5_26-03_Ansicht-3D-800x533.jpg 800w, https:\/\/vh-crossmedia.de\/wp-content\/uploads\/2026\/03\/Gemeindebrief_A5_26-03_Ansicht-3D-1030x687.jpg 1030w, https:\/\/vh-crossmedia.de\/wp-content\/uploads\/2026\/03\/Gemeindebrief_A5_26-03_Ansicht-3D-1200x800.jpg 1200w, https:\/\/vh-crossmedia.de\/wp-content\/uploads\/2026\/03\/Gemeindebrief_A5_26-03_Ansicht-3D-1536x1024.jpg 1536w, https:\/\/vh-crossmedia.de\/wp-content\/uploads\/2026\/03\/Gemeindebrief_A5_26-03_Ansicht-3D.jpg 2250w\" data-sizes=\"auto\" data-orig-sizes=\"(max-width: 2250px) 100vw, 2250px\" \/><\/a><\/p>\n<h2>Vom gewachsenen Layout zu einer klaren Struktur<\/h2>\n<p>Der bisherige Gemeindebrief war \u00fcber viele Jahre gewachsen. Inhalte, Rubriken und Gestaltungselemente hatten sich nach und nach entwickelt. Dadurch entstand eine Gestaltung, die funktionierte, aber nicht immer eine klare Struktur erkennen lie\u00df.\u00a0Im Rahmen des Relaunches war das Ziel deshalb nicht nur eine optische Modernisierung, sondern vor allem:<\/p>\n<ul>\n<li>eine <strong>bessere Lesbarkeit<\/strong><\/li>\n<li>eine <strong>klare Struktur f\u00fcr wiederkehrende Inhalte<\/strong><\/li>\n<li>ein <strong>einheitliches Erscheinungsbild<\/strong><\/li>\n<li>und eine <strong>praxisgerechte Vorlage f\u00fcr die Redaktion<\/strong><\/li>\n<\/ul>\n<p>Gerade bei Gemeindebriefen, die h\u00e4ufig von ehrenamtlichen Teams erstellt werden, ist ein verst\u00e4ndliches Layoutsystem besonders wichtig.<\/p>\n<p><a href=\"https:\/\/vh-crossmedia.de\/wp-content\/uploads\/2026\/03\/Gemeindebrief_A5_26-03_Ansicht-innen1-3D.jpg\"><img decoding=\"async\" class=\"lazyload alignnone size-full wp-image-10647\" src=\"https:\/\/vh-crossmedia.de\/wp-content\/uploads\/2026\/03\/Gemeindebrief_A5_26-03_Ansicht-innen1-3D.jpg\" data-orig-src=\"https:\/\/vh-crossmedia.de\/wp-content\/uploads\/2026\/03\/Gemeindebrief_A5_26-03_Ansicht-innen1-3D.jpg\" alt=\"\" width=\"2250\" height=\"1500\" srcset=\"data:image\/svg+xml,%3Csvg%20xmlns%3D%27http%3A%2F%2Fwww.w3.org%2F2000%2Fsvg%27%20width%3D%272250%27%20height%3D%271500%27%20viewBox%3D%270%200%202250%201500%27%3E%3Crect%20width%3D%272250%27%20height%3D%271500%27%20fill-opacity%3D%220%22%2F%3E%3C%2Fsvg%3E\" data-srcset=\"https:\/\/vh-crossmedia.de\/wp-content\/uploads\/2026\/03\/Gemeindebrief_A5_26-03_Ansicht-innen1-3D-18x12.jpg 18w, https:\/\/vh-crossmedia.de\/wp-content\/uploads\/2026\/03\/Gemeindebrief_A5_26-03_Ansicht-innen1-3D-300x200.jpg 300w, https:\/\/vh-crossmedia.de\/wp-content\/uploads\/2026\/03\/Gemeindebrief_A5_26-03_Ansicht-innen1-3D-380x253.jpg 380w, https:\/\/vh-crossmedia.de\/wp-content\/uploads\/2026\/03\/Gemeindebrief_A5_26-03_Ansicht-innen1-3D-400x267.jpg 400w, https:\/\/vh-crossmedia.de\/wp-content\/uploads\/2026\/03\/Gemeindebrief_A5_26-03_Ansicht-innen1-3D-600x400.jpg 600w, https:\/\/vh-crossmedia.de\/wp-content\/uploads\/2026\/03\/Gemeindebrief_A5_26-03_Ansicht-innen1-3D-768x512.jpg 768w, https:\/\/vh-crossmedia.de\/wp-content\/uploads\/2026\/03\/Gemeindebrief_A5_26-03_Ansicht-innen1-3D-800x533.jpg 800w, https:\/\/vh-crossmedia.de\/wp-content\/uploads\/2026\/03\/Gemeindebrief_A5_26-03_Ansicht-innen1-3D-1030x687.jpg 1030w, https:\/\/vh-crossmedia.de\/wp-content\/uploads\/2026\/03\/Gemeindebrief_A5_26-03_Ansicht-innen1-3D-1200x800.jpg 1200w, https:\/\/vh-crossmedia.de\/wp-content\/uploads\/2026\/03\/Gemeindebrief_A5_26-03_Ansicht-innen1-3D-1536x1024.jpg 1536w, https:\/\/vh-crossmedia.de\/wp-content\/uploads\/2026\/03\/Gemeindebrief_A5_26-03_Ansicht-innen1-3D.jpg 2250w\" data-sizes=\"auto\" data-orig-sizes=\"(max-width: 2250px) 100vw, 2250px\" \/><\/a><\/p>\n<h2>Entwicklung eines neuen Gestaltungssystems<\/h2>\n<p>Gemeinsam mit der Kirchengemeinde wurde zun\u00e4chst ein <strong>gestalterisches Grundkonzept<\/strong> entwickelt. Dieses umfasst unter anderem:<\/p>\n<ul>\n<li>ein <strong>definiertes Farbkonzept<\/strong><\/li>\n<li>eine <strong>klar strukturierte Typografie<\/strong><\/li>\n<li>wiederkehrende <strong>Rubriken-Elemente<\/strong><\/li>\n<li>ein einheitliches <strong>Gestaltungsraster f\u00fcr Seitenlayouts<\/strong><\/li>\n<\/ul>\n<p>Auf dieser Basis entstand ein neues Layout f\u00fcr den Gemeindebrief im <strong>DIN-A5-Format<\/strong>, das sowohl modern wirkt als auch gen\u00fcgend Flexibilit\u00e4t f\u00fcr unterschiedliche Inhalte bietet.\u00a0Ein weiterer wichtiger Bestandteil des Projekts war die <strong>Dokumentation der Gestaltungsrichtlinien<\/strong> in Form eines kleinen Style-Guides. Dadurch kann die Redaktion das Layout k\u00fcnftig eigenst\u00e4ndig weiterf\u00fchren und neue Ausgaben konsistent gestalten.<\/p>\n<p><a href=\"https:\/\/vh-crossmedia.de\/wp-content\/uploads\/2026\/03\/EvKgFr_style-guide-26-01_Ansicht-3D.jpg\"><img decoding=\"async\" class=\"lazyload alignnone wp-image-10651 size-full\" src=\"https:\/\/vh-crossmedia.de\/wp-content\/uploads\/2026\/03\/EvKgFr_style-guide-26-01_Ansicht-3D.jpg\" data-orig-src=\"https:\/\/vh-crossmedia.de\/wp-content\/uploads\/2026\/03\/EvKgFr_style-guide-26-01_Ansicht-3D.jpg\" alt=\"\" width=\"2250\" height=\"1500\" srcset=\"data:image\/svg+xml,%3Csvg%20xmlns%3D%27http%3A%2F%2Fwww.w3.org%2F2000%2Fsvg%27%20width%3D%272250%27%20height%3D%271500%27%20viewBox%3D%270%200%202250%201500%27%3E%3Crect%20width%3D%272250%27%20height%3D%271500%27%20fill-opacity%3D%220%22%2F%3E%3C%2Fsvg%3E\" data-srcset=\"https:\/\/vh-crossmedia.de\/wp-content\/uploads\/2026\/03\/EvKgFr_style-guide-26-01_Ansicht-3D-18x12.jpg 18w, https:\/\/vh-crossmedia.de\/wp-content\/uploads\/2026\/03\/EvKgFr_style-guide-26-01_Ansicht-3D-300x200.jpg 300w, https:\/\/vh-crossmedia.de\/wp-content\/uploads\/2026\/03\/EvKgFr_style-guide-26-01_Ansicht-3D-380x253.jpg 380w, https:\/\/vh-crossmedia.de\/wp-content\/uploads\/2026\/03\/EvKgFr_style-guide-26-01_Ansicht-3D-400x267.jpg 400w, https:\/\/vh-crossmedia.de\/wp-content\/uploads\/2026\/03\/EvKgFr_style-guide-26-01_Ansicht-3D-600x400.jpg 600w, https:\/\/vh-crossmedia.de\/wp-content\/uploads\/2026\/03\/EvKgFr_style-guide-26-01_Ansicht-3D-768x512.jpg 768w, https:\/\/vh-crossmedia.de\/wp-content\/uploads\/2026\/03\/EvKgFr_style-guide-26-01_Ansicht-3D-800x533.jpg 800w, https:\/\/vh-crossmedia.de\/wp-content\/uploads\/2026\/03\/EvKgFr_style-guide-26-01_Ansicht-3D-1030x687.jpg 1030w, https:\/\/vh-crossmedia.de\/wp-content\/uploads\/2026\/03\/EvKgFr_style-guide-26-01_Ansicht-3D-1200x800.jpg 1200w, https:\/\/vh-crossmedia.de\/wp-content\/uploads\/2026\/03\/EvKgFr_style-guide-26-01_Ansicht-3D-1536x1024.jpg 1536w, https:\/\/vh-crossmedia.de\/wp-content\/uploads\/2026\/03\/EvKgFr_style-guide-26-01_Ansicht-3D.jpg 2250w\" data-sizes=\"auto\" data-orig-sizes=\"(max-width: 2250px) 100vw, 2250px\" \/><\/a><\/p>\n<h2>Gestaltungsvorlage f\u00fcr kommende Ausgaben<\/h2>\n<p>Im Anschluss an die Konzeption wurde das neue Layout praktisch ausgearbeitet. Dazu geh\u00f6rten unter anderem:<\/p>\n<ul>\n<li>Aufbau der Seitenstruktur<\/li>\n<li>Gestaltung der Rubriken<\/li>\n<li>Definition von Absatz- und Zeichenformaten<\/li>\n<li>Erstellung eines klar strukturierten Seitenrasters<\/li>\n<\/ul>\n<p>Zum Abschluss des Projekts erhielt die Redaktion eine fertig vorbereitete InDesign-Vorlage, in der alle Gestaltungsregeln, Formatvorlagen und Layoutstrukturen bereits angelegt sind.\u00a0Damit verf\u00fcgt die Kirchengemeinde nun \u00fcber eine solide Grundlage, um k\u00fcnftige Ausgaben des Gemeindebriefs eigenst\u00e4ndig und im neuen Design umzusetzen.<\/p>\n<p><a href=\"https:\/\/vh-crossmedia.de\/wp-content\/uploads\/2026\/03\/Gemeindebrief_A5_26-03_Ansicht-innen2-3D.jpg\"><img decoding=\"async\" class=\"lazyload alignnone size-full wp-image-10648\" src=\"https:\/\/vh-crossmedia.de\/wp-content\/uploads\/2026\/03\/Gemeindebrief_A5_26-03_Ansicht-innen2-3D.jpg\" data-orig-src=\"https:\/\/vh-crossmedia.de\/wp-content\/uploads\/2026\/03\/Gemeindebrief_A5_26-03_Ansicht-innen2-3D.jpg\" alt=\"\" width=\"2250\" height=\"1500\" srcset=\"data:image\/svg+xml,%3Csvg%20xmlns%3D%27http%3A%2F%2Fwww.w3.org%2F2000%2Fsvg%27%20width%3D%272250%27%20height%3D%271500%27%20viewBox%3D%270%200%202250%201500%27%3E%3Crect%20width%3D%272250%27%20height%3D%271500%27%20fill-opacity%3D%220%22%2F%3E%3C%2Fsvg%3E\" data-srcset=\"https:\/\/vh-crossmedia.de\/wp-content\/uploads\/2026\/03\/Gemeindebrief_A5_26-03_Ansicht-innen2-3D-18x12.jpg 18w, https:\/\/vh-crossmedia.de\/wp-content\/uploads\/2026\/03\/Gemeindebrief_A5_26-03_Ansicht-innen2-3D-300x200.jpg 300w, https:\/\/vh-crossmedia.de\/wp-content\/uploads\/2026\/03\/Gemeindebrief_A5_26-03_Ansicht-innen2-3D-380x253.jpg 380w, https:\/\/vh-crossmedia.de\/wp-content\/uploads\/2026\/03\/Gemeindebrief_A5_26-03_Ansicht-innen2-3D-400x267.jpg 400w, https:\/\/vh-crossmedia.de\/wp-content\/uploads\/2026\/03\/Gemeindebrief_A5_26-03_Ansicht-innen2-3D-600x400.jpg 600w, https:\/\/vh-crossmedia.de\/wp-content\/uploads\/2026\/03\/Gemeindebrief_A5_26-03_Ansicht-innen2-3D-768x512.jpg 768w, https:\/\/vh-crossmedia.de\/wp-content\/uploads\/2026\/03\/Gemeindebrief_A5_26-03_Ansicht-innen2-3D-800x533.jpg 800w, https:\/\/vh-crossmedia.de\/wp-content\/uploads\/2026\/03\/Gemeindebrief_A5_26-03_Ansicht-innen2-3D-1030x687.jpg 1030w, https:\/\/vh-crossmedia.de\/wp-content\/uploads\/2026\/03\/Gemeindebrief_A5_26-03_Ansicht-innen2-3D-1200x800.jpg 1200w, https:\/\/vh-crossmedia.de\/wp-content\/uploads\/2026\/03\/Gemeindebrief_A5_26-03_Ansicht-innen2-3D-1536x1024.jpg 1536w, https:\/\/vh-crossmedia.de\/wp-content\/uploads\/2026\/03\/Gemeindebrief_A5_26-03_Ansicht-innen2-3D.jpg 2250w\" data-sizes=\"auto\" data-orig-sizes=\"(max-width: 2250px) 100vw, 2250px\" \/><\/a><\/p>\n<h2>Modern, \u00fcbersichtlich und langfristig nutzbar<\/h2>\n<p>Der neue Gemeindebrief verbindet eine moderne Gestaltung mit einer klaren Struktur. Inhalte lassen sich schneller erfassen, Rubriken sind besser erkennbar und die Redaktion verf\u00fcgt \u00fcber eine solide Grundlage f\u00fcr kommende Ausgaben.\u00a0Gerade bei regelm\u00e4\u00dfig erscheinenden Publikationen ist ein durchdachtes Gestaltungssystem entscheidend \u2013 nicht nur f\u00fcr die Optik, sondern auch f\u00fcr effiziente Arbeitsabl\u00e4ufe.<\/p>\n<p>So ist ein Gemeindebrief entstanden, der Inhalte klar strukturiert pr\u00e4sentiert und der Redaktion zugleich eine verl\u00e4ssliche gestalterische Grundlage f\u00fcr viele kommende Ausgaben bietet.<\/p>\n<\/div><div class=\"fusion-clearfix\"><\/div><\/div><\/div><\/div><\/div>","protected":false},"excerpt":{"rendered":"","protected":false},"author":1,"featured_media":10646,"comment_status":"closed","ping_status":"open","sticky":false,"template":"","format":"standard","meta":{"footnotes":""},"categories":[117],"tags":[8,16,122,22,123],"class_list":["post-10645","post","type-post","status-publish","format-standard","has-post-thumbnail","hentry","category-kommunikationsdesign","tag-broschuren","tag-grafikdesign","tag-lehrmaterial","tag-magazine","tag-unterrichtsmaterial"],"yoast_head":"<!-- This site is optimized with the Yoast SEO plugin v27.5 - https:\/\/yoast.com\/product\/yoast-seo-wordpress\/ -->\n<title>Relaunch des Gemeindebriefs der Evangelischen Kirchengemeinde Frechen - vh-crossmedia | Volker Heupel<\/title>\n<meta name=\"robots\" content=\"index, follow, max-snippet:-1, max-image-preview:large, max-video-preview:-1\" \/>\n<link rel=\"canonical\" href=\"https:\/\/vh-crossmedia.de\/en\/relaunch-des-gemeindebriefs-der-evangelischen-kirchengemeinde-frechen\/\" \/>\n<meta property=\"og:locale\" content=\"en_GB\" \/>\n<meta property=\"og:type\" content=\"article\" \/>\n<meta property=\"og:title\" content=\"Relaunch des Gemeindebriefs der Evangelischen Kirchengemeinde Frechen - vh-crossmedia | Volker Heupel\" \/>\n<meta property=\"og:url\" content=\"https:\/\/vh-crossmedia.de\/en\/relaunch-des-gemeindebriefs-der-evangelischen-kirchengemeinde-frechen\/\" \/>\n<meta property=\"og:site_name\" content=\"vh-crossmedia | Volker Heupel\" \/>\n<meta property=\"article:published_time\" content=\"2026-03-16T12:55:59+00:00\" \/>\n<meta property=\"og:image\" content=\"https:\/\/vh-crossmedia.de\/wp-content\/uploads\/2026\/03\/Gemeindebrief_A5_26-03_Ansicht-3D.jpg\" \/>\n\t<meta property=\"og:image:width\" content=\"2250\" \/>\n\t<meta property=\"og:image:height\" content=\"1500\" \/>\n\t<meta property=\"og:image:type\" content=\"image\/jpeg\" \/>\n<meta name=\"author\" content=\"vh-crossmedia\" \/>\n<meta name=\"twitter:card\" content=\"summary_large_image\" \/>\n<meta name=\"twitter:label1\" content=\"Written by\" \/>\n\t<meta name=\"twitter:data1\" content=\"vh-crossmedia\" \/>\n\t<meta name=\"twitter:label2\" content=\"Estimated reading time\" \/>\n\t<meta name=\"twitter:data2\" content=\"4 minutes\" \/>\n<script type=\"application\/ld+json\" class=\"yoast-schema-graph\">{\"@context\":\"https:\\\/\\\/schema.org\",\"@graph\":[{\"@type\":\"Article\",\"@id\":\"https:\\\/\\\/vh-crossmedia.de\\\/relaunch-des-gemeindebriefs-der-evangelischen-kirchengemeinde-frechen\\\/#article\",\"isPartOf\":{\"@id\":\"https:\\\/\\\/vh-crossmedia.de\\\/relaunch-des-gemeindebriefs-der-evangelischen-kirchengemeinde-frechen\\\/\"},\"author\":{\"name\":\"vh-crossmedia\",\"@id\":\"https:\\\/\\\/vh-crossmedia.de\\\/#\\\/schema\\\/person\\\/ae3ae73f913cfbc8063e0ead0833894f\"},\"headline\":\"Relaunch des Gemeindebriefs der Evangelischen Kirchengemeinde Frechen\",\"datePublished\":\"2026-03-16T12:55:59+00:00\",\"mainEntityOfPage\":{\"@id\":\"https:\\\/\\\/vh-crossmedia.de\\\/relaunch-des-gemeindebriefs-der-evangelischen-kirchengemeinde-frechen\\\/\"},\"wordCount\":755,\"publisher\":{\"@id\":\"https:\\\/\\\/vh-crossmedia.de\\\/#\\\/schema\\\/person\\\/ae3ae73f913cfbc8063e0ead0833894f\"},\"image\":{\"@id\":\"https:\\\/\\\/vh-crossmedia.de\\\/relaunch-des-gemeindebriefs-der-evangelischen-kirchengemeinde-frechen\\\/#primaryimage\"},\"thumbnailUrl\":\"https:\\\/\\\/vh-crossmedia.de\\\/wp-content\\\/uploads\\\/2026\\\/03\\\/Gemeindebrief_A5_26-03_Ansicht-3D.jpg\",\"keywords\":[\"Brosch\u00fcren\",\"Grafikdesign\",\"Lehrmaterial\",\"Magazine\",\"Unterrichtsmaterial\"],\"articleSection\":[\"Kommunikationsdesign\"],\"inLanguage\":\"en-GB\"},{\"@type\":\"WebPage\",\"@id\":\"https:\\\/\\\/vh-crossmedia.de\\\/relaunch-des-gemeindebriefs-der-evangelischen-kirchengemeinde-frechen\\\/\",\"url\":\"https:\\\/\\\/vh-crossmedia.de\\\/relaunch-des-gemeindebriefs-der-evangelischen-kirchengemeinde-frechen\\\/\",\"name\":\"Relaunch des Gemeindebriefs der Evangelischen Kirchengemeinde Frechen - vh-crossmedia | Volker Heupel\",\"isPartOf\":{\"@id\":\"https:\\\/\\\/vh-crossmedia.de\\\/#website\"},\"primaryImageOfPage\":{\"@id\":\"https:\\\/\\\/vh-crossmedia.de\\\/relaunch-des-gemeindebriefs-der-evangelischen-kirchengemeinde-frechen\\\/#primaryimage\"},\"image\":{\"@id\":\"https:\\\/\\\/vh-crossmedia.de\\\/relaunch-des-gemeindebriefs-der-evangelischen-kirchengemeinde-frechen\\\/#primaryimage\"},\"thumbnailUrl\":\"https:\\\/\\\/vh-crossmedia.de\\\/wp-content\\\/uploads\\\/2026\\\/03\\\/Gemeindebrief_A5_26-03_Ansicht-3D.jpg\",\"datePublished\":\"2026-03-16T12:55:59+00:00\",\"breadcrumb\":{\"@id\":\"https:\\\/\\\/vh-crossmedia.de\\\/relaunch-des-gemeindebriefs-der-evangelischen-kirchengemeinde-frechen\\\/#breadcrumb\"},\"inLanguage\":\"en-GB\",\"potentialAction\":[{\"@type\":\"ReadAction\",\"target\":[\"https:\\\/\\\/vh-crossmedia.de\\\/relaunch-des-gemeindebriefs-der-evangelischen-kirchengemeinde-frechen\\\/\"]}]},{\"@type\":\"ImageObject\",\"inLanguage\":\"en-GB\",\"@id\":\"https:\\\/\\\/vh-crossmedia.de\\\/relaunch-des-gemeindebriefs-der-evangelischen-kirchengemeinde-frechen\\\/#primaryimage\",\"url\":\"https:\\\/\\\/vh-crossmedia.de\\\/wp-content\\\/uploads\\\/2026\\\/03\\\/Gemeindebrief_A5_26-03_Ansicht-3D.jpg\",\"contentUrl\":\"https:\\\/\\\/vh-crossmedia.de\\\/wp-content\\\/uploads\\\/2026\\\/03\\\/Gemeindebrief_A5_26-03_Ansicht-3D.jpg\",\"width\":2250,\"height\":1500,\"caption\":\"Grafikdesign von vh-crossmedia: Relaunch des Gemeindebriefs der Evangelischen Kirchengemeinde Frechen\"},{\"@type\":\"BreadcrumbList\",\"@id\":\"https:\\\/\\\/vh-crossmedia.de\\\/relaunch-des-gemeindebriefs-der-evangelischen-kirchengemeinde-frechen\\\/#breadcrumb\",\"itemListElement\":[{\"@type\":\"ListItem\",\"position\":1,\"name\":\"Startseite\",\"item\":\"https:\\\/\\\/vh-crossmedia.de\\\/\"},{\"@type\":\"ListItem\",\"position\":2,\"name\":\"Relaunch des Gemeindebriefs der Evangelischen Kirchengemeinde Frechen\",\"item\":\"https:\\\/\\\/vh-crossmedia.de\\\/en\\\/relaunch-des-gemeindebriefs-der-evangelischen-kirchengemeinde-frechen\\\/\"}]},{\"@type\":\"WebSite\",\"@id\":\"https:\\\/\\\/vh-crossmedia.de\\\/#website\",\"url\":\"https:\\\/\\\/vh-crossmedia.de\\\/\",\"name\":\"vh-crossmedia | Volker Heupel\",\"description\":\"Von Entwurf bis Druck, von Flyer bis Magazin, von einfacher Website bis Content-Management-System, von Logo bis Corporate Identity: alles bei vh-crossmedia\",\"publisher\":{\"@id\":\"https:\\\/\\\/vh-crossmedia.de\\\/#\\\/schema\\\/person\\\/ae3ae73f913cfbc8063e0ead0833894f\"},\"potentialAction\":[{\"@type\":\"SearchAction\",\"target\":{\"@type\":\"EntryPoint\",\"urlTemplate\":\"https:\\\/\\\/vh-crossmedia.de\\\/?s={search_term_string}\"},\"query-input\":{\"@type\":\"PropertyValueSpecification\",\"valueRequired\":true,\"valueName\":\"search_term_string\"}}],\"inLanguage\":\"en-GB\"},{\"@type\":[\"Person\",\"Organization\"],\"@id\":\"https:\\\/\\\/vh-crossmedia.de\\\/#\\\/schema\\\/person\\\/ae3ae73f913cfbc8063e0ead0833894f\",\"name\":\"vh-crossmedia\",\"image\":{\"@type\":\"ImageObject\",\"inLanguage\":\"en-GB\",\"@id\":\"https:\\\/\\\/vh-crossmedia.de\\\/wp-content\\\/uploads\\\/2020\\\/01\\\/Volker-Heupel_vh-crossmedia_IMG_3848.jpg\",\"url\":\"https:\\\/\\\/vh-crossmedia.de\\\/wp-content\\\/uploads\\\/2020\\\/01\\\/Volker-Heupel_vh-crossmedia_IMG_3848.jpg\",\"contentUrl\":\"https:\\\/\\\/vh-crossmedia.de\\\/wp-content\\\/uploads\\\/2020\\\/01\\\/Volker-Heupel_vh-crossmedia_IMG_3848.jpg\",\"width\":826,\"height\":604,\"caption\":\"vh-crossmedia\"},\"logo\":{\"@id\":\"https:\\\/\\\/vh-crossmedia.de\\\/wp-content\\\/uploads\\\/2020\\\/01\\\/Volker-Heupel_vh-crossmedia_IMG_3848.jpg\"}}]}<\/script>\n<!-- \/ Yoast SEO plugin. -->","yoast_head_json":{"title":"Relaunch des Gemeindebriefs der Evangelischen Kirchengemeinde Frechen - vh-crossmedia | Volker Heupel","robots":{"index":"index","follow":"follow","max-snippet":"max-snippet:-1","max-image-preview":"max-image-preview:large","max-video-preview":"max-video-preview:-1"},"canonical":"https:\/\/vh-crossmedia.de\/en\/relaunch-des-gemeindebriefs-der-evangelischen-kirchengemeinde-frechen\/","og_locale":"en_GB","og_type":"article","og_title":"Relaunch des Gemeindebriefs der Evangelischen Kirchengemeinde Frechen - vh-crossmedia | Volker Heupel","og_url":"https:\/\/vh-crossmedia.de\/en\/relaunch-des-gemeindebriefs-der-evangelischen-kirchengemeinde-frechen\/","og_site_name":"vh-crossmedia | Volker Heupel","article_published_time":"2026-03-16T12:55:59+00:00","og_image":[{"width":2250,"height":1500,"url":"https:\/\/vh-crossmedia.de\/wp-content\/uploads\/2026\/03\/Gemeindebrief_A5_26-03_Ansicht-3D.jpg","type":"image\/jpeg"}],"author":"vh-crossmedia","twitter_card":"summary_large_image","twitter_misc":{"Written by":"vh-crossmedia","Estimated reading time":"4 minutes"},"schema":{"@context":"https:\/\/schema.org","@graph":[{"@type":"Article","@id":"https:\/\/vh-crossmedia.de\/relaunch-des-gemeindebriefs-der-evangelischen-kirchengemeinde-frechen\/#article","isPartOf":{"@id":"https:\/\/vh-crossmedia.de\/relaunch-des-gemeindebriefs-der-evangelischen-kirchengemeinde-frechen\/"},"author":{"name":"vh-crossmedia","@id":"https:\/\/vh-crossmedia.de\/#\/schema\/person\/ae3ae73f913cfbc8063e0ead0833894f"},"headline":"Relaunch des Gemeindebriefs der Evangelischen Kirchengemeinde Frechen","datePublished":"2026-03-16T12:55:59+00:00","mainEntityOfPage":{"@id":"https:\/\/vh-crossmedia.de\/relaunch-des-gemeindebriefs-der-evangelischen-kirchengemeinde-frechen\/"},"wordCount":755,"publisher":{"@id":"https:\/\/vh-crossmedia.de\/#\/schema\/person\/ae3ae73f913cfbc8063e0ead0833894f"},"image":{"@id":"https:\/\/vh-crossmedia.de\/relaunch-des-gemeindebriefs-der-evangelischen-kirchengemeinde-frechen\/#primaryimage"},"thumbnailUrl":"https:\/\/vh-crossmedia.de\/wp-content\/uploads\/2026\/03\/Gemeindebrief_A5_26-03_Ansicht-3D.jpg","keywords":["Brosch\u00fcren","Grafikdesign","Lehrmaterial","Magazine","Unterrichtsmaterial"],"articleSection":["Kommunikationsdesign"],"inLanguage":"en-GB"},{"@type":"WebPage","@id":"https:\/\/vh-crossmedia.de\/relaunch-des-gemeindebriefs-der-evangelischen-kirchengemeinde-frechen\/","url":"https:\/\/vh-crossmedia.de\/relaunch-des-gemeindebriefs-der-evangelischen-kirchengemeinde-frechen\/","name":"Relaunch des Gemeindebriefs der Evangelischen Kirchengemeinde Frechen - vh-crossmedia | Volker Heupel","isPartOf":{"@id":"https:\/\/vh-crossmedia.de\/#website"},"primaryImageOfPage":{"@id":"https:\/\/vh-crossmedia.de\/relaunch-des-gemeindebriefs-der-evangelischen-kirchengemeinde-frechen\/#primaryimage"},"image":{"@id":"https:\/\/vh-crossmedia.de\/relaunch-des-gemeindebriefs-der-evangelischen-kirchengemeinde-frechen\/#primaryimage"},"thumbnailUrl":"https:\/\/vh-crossmedia.de\/wp-content\/uploads\/2026\/03\/Gemeindebrief_A5_26-03_Ansicht-3D.jpg","datePublished":"2026-03-16T12:55:59+00:00","breadcrumb":{"@id":"https:\/\/vh-crossmedia.de\/relaunch-des-gemeindebriefs-der-evangelischen-kirchengemeinde-frechen\/#breadcrumb"},"inLanguage":"en-GB","potentialAction":[{"@type":"ReadAction","target":["https:\/\/vh-crossmedia.de\/relaunch-des-gemeindebriefs-der-evangelischen-kirchengemeinde-frechen\/"]}]},{"@type":"ImageObject","inLanguage":"en-GB","@id":"https:\/\/vh-crossmedia.de\/relaunch-des-gemeindebriefs-der-evangelischen-kirchengemeinde-frechen\/#primaryimage","url":"https:\/\/vh-crossmedia.de\/wp-content\/uploads\/2026\/03\/Gemeindebrief_A5_26-03_Ansicht-3D.jpg","contentUrl":"https:\/\/vh-crossmedia.de\/wp-content\/uploads\/2026\/03\/Gemeindebrief_A5_26-03_Ansicht-3D.jpg","width":2250,"height":1500,"caption":"Grafikdesign von vh-crossmedia: Relaunch des Gemeindebriefs der Evangelischen Kirchengemeinde Frechen"},{"@type":"BreadcrumbList","@id":"https:\/\/vh-crossmedia.de\/relaunch-des-gemeindebriefs-der-evangelischen-kirchengemeinde-frechen\/#breadcrumb","itemListElement":[{"@type":"ListItem","position":1,"name":"Startseite","item":"https:\/\/vh-crossmedia.de\/"},{"@type":"ListItem","position":2,"name":"Relaunch des Gemeindebriefs der Evangelischen Kirchengemeinde Frechen","item":"https:\/\/vh-crossmedia.de\/en\/relaunch-des-gemeindebriefs-der-evangelischen-kirchengemeinde-frechen\/"}]},{"@type":"WebSite","@id":"https:\/\/vh-crossmedia.de\/#website","url":"https:\/\/vh-crossmedia.de\/","name":"vh-crossmedia | Volker Heupel","description":"From design to print, from flyer to magazine, from simple website to content management system, from logo to corporate identity: everything at vh-crossmedia","publisher":{"@id":"https:\/\/vh-crossmedia.de\/#\/schema\/person\/ae3ae73f913cfbc8063e0ead0833894f"},"potentialAction":[{"@type":"SearchAction","target":{"@type":"EntryPoint","urlTemplate":"https:\/\/vh-crossmedia.de\/?s={search_term_string}"},"query-input":{"@type":"PropertyValueSpecification","valueRequired":true,"valueName":"search_term_string"}}],"inLanguage":"en-GB"},{"@type":["Person","Organization"],"@id":"https:\/\/vh-crossmedia.de\/#\/schema\/person\/ae3ae73f913cfbc8063e0ead0833894f","name":"vh-crossmedia","image":{"@type":"ImageObject","inLanguage":"en-GB","@id":"https:\/\/vh-crossmedia.de\/wp-content\/uploads\/2020\/01\/Volker-Heupel_vh-crossmedia_IMG_3848.jpg","url":"https:\/\/vh-crossmedia.de\/wp-content\/uploads\/2020\/01\/Volker-Heupel_vh-crossmedia_IMG_3848.jpg","contentUrl":"https:\/\/vh-crossmedia.de\/wp-content\/uploads\/2020\/01\/Volker-Heupel_vh-crossmedia_IMG_3848.jpg","width":826,"height":604,"caption":"vh-crossmedia"},"logo":{"@id":"https:\/\/vh-crossmedia.de\/wp-content\/uploads\/2020\/01\/Volker-Heupel_vh-crossmedia_IMG_3848.jpg"}}]}},"_links":{"self":[{"href":"https:\/\/vh-crossmedia.de\/en\/wp-json\/wp\/v2\/posts\/10645","targetHints":{"allow":["GET"]}}],"collection":[{"href":"https:\/\/vh-crossmedia.de\/en\/wp-json\/wp\/v2\/posts"}],"about":[{"href":"https:\/\/vh-crossmedia.de\/en\/wp-json\/wp\/v2\/types\/post"}],"author":[{"embeddable":true,"href":"https:\/\/vh-crossmedia.de\/en\/wp-json\/wp\/v2\/users\/1"}],"replies":[{"embeddable":true,"href":"https:\/\/vh-crossmedia.de\/en\/wp-json\/wp\/v2\/comments?post=10645"}],"version-history":[{"count":3,"href":"https:\/\/vh-crossmedia.de\/en\/wp-json\/wp\/v2\/posts\/10645\/revisions"}],"predecessor-version":[{"id":10652,"href":"https:\/\/vh-crossmedia.de\/en\/wp-json\/wp\/v2\/posts\/10645\/revisions\/10652"}],"wp:featuredmedia":[{"embeddable":true,"href":"https:\/\/vh-crossmedia.de\/en\/wp-json\/wp\/v2\/media\/10646"}],"wp:attachment":[{"href":"https:\/\/vh-crossmedia.de\/en\/wp-json\/wp\/v2\/media?parent=10645"}],"wp:term":[{"taxonomy":"category","embeddable":true,"href":"https:\/\/vh-crossmedia.de\/en\/wp-json\/wp\/v2\/categories?post=10645"},{"taxonomy":"post_tag","embeddable":true,"href":"https:\/\/vh-crossmedia.de\/en\/wp-json\/wp\/v2\/tags?post=10645"}],"curies":[{"name":"wp","href":"https:\/\/api.w.org\/{rel}","templated":true}]}}